{"id":2019,"date":"2025-03-23T14:19:36","date_gmt":"2025-03-23T14:19:36","guid":{"rendered":"https:\/\/www.laphotodanslecadre.fr\/wordpress\/?p=2019"},"modified":"2025-05-29T06:59:42","modified_gmt":"2025-05-29T06:59:42","slug":"lete-de-pernes-les-photos-2025","status":"publish","type":"post","link":"https:\/\/www.laphotodanslecadre.fr\/wordpress\/lete-de-pernes-les-photos-2025\/","title":{"rendered":"L&rsquo;\u00e9t\u00e9 de Pernes les photos 2025"},"content":{"rendered":"\t\t<div data-elementor-type=\"wp-post\" data-elementor-id=\"2019\" class=\"elementor elementor-2019\">\n\t\t\t\t\t\t<section class=\"elementor-section elementor-top-section elementor-element elementor-element-afd9885 elementor-section-boxed elementor-section-height-default elementor-section-height-default\" data-id=\"afd9885\" data-element_type=\"section\" data-e-type=\"section\">\n\t\t\t\t\t\t<div class=\"elementor-container elementor-column-gap-default\">\n\t\t\t\t\t<div class=\"elementor-column elementor-col-100 elementor-top-column elementor-element elementor-element-dc5995c\" data-id=\"dc5995c\" data-element_type=\"column\" data-e-type=\"column\">\n\t\t\t<div class=\"elementor-widget-wrap elementor-element-populated\">\n\t\t\t\t\t\t<div class=\"elementor-element elementor-element-bbe6658 elementor-widget elementor-widget-text-editor\" data-id=\"bbe6658\" data-element_type=\"widget\" data-e-type=\"widget\" data-widget_type=\"text-editor.default\">\n\t\t\t\t<div class=\"elementor-widget-container\">\n\t\t\t\t\t\t\t\t\t<div class=\"elementor-widget-wrap elementor-element-populated ui-sortable\"><div class=\"elementor-element elementor-element-edit-mode elementor-element-ceabd5a elementor-element--toggle-edit-tools elementor-widget elementor-widget-text-editor ui-resizable\" data-id=\"ceabd5a\" data-element_type=\"widget\" data-model-cid=\"c29\" data-widget_type=\"text-editor.default\"><div class=\"elementor-widget-container\"><div class=\"elementor-text-editor elementor-clearfix elementor-inline-editing\" data-elementor-setting-key=\"editor\" data-elementor-inline-editing-toolbar=\"advanced\"><p>L\u2019\u00e9t\u00e9 de Pernes les photos se d\u00e9roulera cette ann\u00e9e le temps d\u2019un week-end les<strong> 28 et 29 juin de 10h \u00e0 19h<\/strong>. En raison de travaux sur la place du Cormoran, nous ne pourrons malheureusement pas exposer \u00e0 la galerie de l\u2019abattoir cette ann\u00e9e encore. Par contre, la grande exposition sous la halle couverte se d\u00e9roulera comme \u00e0 l\u2019accoutum\u00e9e.<br \/><a href=\"https:\/\/www.laphotodanslecadre.fr\/wordpress\/wp-content\/uploads\/2025\/05\/Flyer-Expos-06-25.pdf\">&gt;&gt;&gt; Le programme &lt;&lt;&lt;<\/a><\/p><\/div><\/div><\/div><\/div>\t\t\t\t\t\t\t\t<\/div>\n\t\t\t\t<\/div>\n\t\t\t\t\t<\/div>\n\t\t<\/div>\n\t\t\t\t\t<\/div>\n\t\t<\/section>\n\t\t\t\t<section class=\"elementor-section elementor-top-section elementor-element elementor-element-1bacb96 elementor-section-boxed elementor-section-height-default elementor-section-height-default\" data-id=\"1bacb96\" data-element_type=\"section\" data-e-type=\"section\">\n\t\t\t\t\t\t<div class=\"elementor-container elementor-column-gap-default\">\n\t\t\t\t\t<div class=\"elementor-column elementor-col-100 elementor-top-column elementor-element elementor-element-2e9913f\" data-id=\"2e9913f\" data-element_type=\"column\" data-e-type=\"column\">\n\t\t\t<div class=\"elementor-widget-wrap elementor-element-populated\">\n\t\t\t\t\t\t<div class=\"elementor-element elementor-element-15d897a elementor-widget elementor-widget-image\" data-id=\"15d897a\" data-element_type=\"widget\" data-e-type=\"widget\" data-widget_type=\"image.default\">\n\t\t\t\t<div class=\"elementor-widget-container\">\n\t\t\t\t\t\t\t\t\t\t\t\t\t\t\t\t<a href=\"https:\/\/www.laphotodanslecadre.fr\/wordpress\/wp-content\/uploads\/2025\/05\/Affiche-06-25-1.jpg\" data-elementor-open-lightbox=\"yes\" data-elementor-lightbox-title=\"Affiche 06-25\" data-e-action-hash=\"#elementor-action%3Aaction%3Dlightbox%26settings%3DeyJpZCI6MjA0MCwidXJsIjoiaHR0cHM6XC9cL3d3dy5sYXBob3RvZGFuc2xlY2FkcmUuZnJcL3dvcmRwcmVzc1wvd3AtY29udGVudFwvdXBsb2Fkc1wvMjAyNVwvMDVcL0FmZmljaGUtMDYtMjUtMS5qcGcifQ%3D%3D\">\n\t\t\t\t\t\t\t<img fetchpriority=\"high\" decoding=\"async\" width=\"474\" height=\"669\" src=\"https:\/\/www.laphotodanslecadre.fr\/wordpress\/wp-content\/uploads\/2025\/05\/Affiche-06-25-1-725x1024.jpg\" class=\"attachment-large size-large wp-image-2040\" alt=\"\" srcset=\"https:\/\/www.laphotodanslecadre.fr\/wordpress\/wp-content\/uploads\/2025\/05\/Affiche-06-25-1-725x1024.jpg 725w, https:\/\/www.laphotodanslecadre.fr\/wordpress\/wp-content\/uploads\/2025\/05\/Affiche-06-25-1-212x300.jpg 212w, https:\/\/www.laphotodanslecadre.fr\/wordpress\/wp-content\/uploads\/2025\/05\/Affiche-06-25-1-768x1085.jpg 768w, https:\/\/www.laphotodanslecadre.fr\/wordpress\/wp-content\/uploads\/2025\/05\/Affiche-06-25-1-1087x1536.jpg 1087w, https:\/\/www.laphotodanslecadre.fr\/wordpress\/wp-content\/uploads\/2025\/05\/Affiche-06-25-1-1449x2048.jpg 1449w, https:\/\/www.laphotodanslecadre.fr\/wordpress\/wp-content\/uploads\/2025\/05\/Affiche-06-25-1.jpg 1755w\" sizes=\"(max-width: 474px) 100vw, 474px\" \/>\t\t\t\t\t\t\t\t<\/a>\n\t\t\t\t\t\t\t\t\t\t\t\t\t\t\t<\/div>\n\t\t\t\t<\/div>\n\t\t\t\t\t<\/div>\n\t\t<\/div>\n\t\t\t\t\t<\/div>\n\t\t<\/section>\n\t\t\t\t<section class=\"elementor-section elementor-top-section elementor-element elementor-element-c4b6fde elementor-section-boxed elementor-section-height-default elementor-section-height-default\" data-id=\"c4b6fde\" data-element_type=\"section\" data-e-type=\"section\">\n\t\t\t\t\t\t<div class=\"elementor-container elementor-column-gap-default\">\n\t\t\t\t\t<div class=\"elementor-column elementor-col-100 elementor-top-column elementor-element elementor-element-7d18136\" data-id=\"7d18136\" data-element_type=\"column\" data-e-type=\"column\">\n\t\t\t<div class=\"elementor-widget-wrap elementor-element-populated\">\n\t\t\t\t\t\t<div class=\"elementor-element elementor-element-96ea8af elementor-widget elementor-widget-image\" data-id=\"96ea8af\" data-element_type=\"widget\" data-e-type=\"widget\" data-widget_type=\"image.default\">\n\t\t\t\t<div class=\"elementor-widget-container\">\n\t\t\t\t\t\t\t\t\t\t\t\t\t\t\t\t<a href=\"https:\/\/www.laphotodanslecadre.fr\/wordpress\/wp-content\/uploads\/2025\/05\/Flyer-Expos-06-25-2.png\" data-elementor-open-lightbox=\"yes\" data-elementor-lightbox-title=\"Flyer Expos 06 25 2\" data-e-action-hash=\"#elementor-action%3Aaction%3Dlightbox%26settings%3DeyJpZCI6MjAzMiwidXJsIjoiaHR0cHM6XC9cL3d3dy5sYXBob3RvZGFuc2xlY2FkcmUuZnJcL3dvcmRwcmVzc1wvd3AtY29udGVudFwvdXBsb2Fkc1wvMjAyNVwvMDVcL0ZseWVyLUV4cG9zLTA2LTI1LTIucG5nIn0%3D\">\n\t\t\t\t\t\t\t<img decoding=\"async\" width=\"977\" height=\"1389\" src=\"https:\/\/www.laphotodanslecadre.fr\/wordpress\/wp-content\/uploads\/2025\/05\/Flyer-Expos-06-25-2.png\" class=\"attachment-full size-full wp-image-2032\" alt=\"\" srcset=\"https:\/\/www.laphotodanslecadre.fr\/wordpress\/wp-content\/uploads\/2025\/05\/Flyer-Expos-06-25-2.png 977w, https:\/\/www.laphotodanslecadre.fr\/wordpress\/wp-content\/uploads\/2025\/05\/Flyer-Expos-06-25-2-211x300.png 211w, https:\/\/www.laphotodanslecadre.fr\/wordpress\/wp-content\/uploads\/2025\/05\/Flyer-Expos-06-25-2-720x1024.png 720w, https:\/\/www.laphotodanslecadre.fr\/wordpress\/wp-content\/uploads\/2025\/05\/Flyer-Expos-06-25-2-768x1092.png 768w\" sizes=\"(max-width: 977px) 100vw, 977px\" \/>\t\t\t\t\t\t\t\t<\/a>\n\t\t\t\t\t\t\t\t\t\t\t\t\t\t\t<\/div>\n\t\t\t\t<\/div>\n\t\t\t\t\t<\/div>\n\t\t<\/div>\n\t\t\t\t\t<\/div>\n\t\t<\/section>\n\t\t\t\t<section class=\"elementor-section elementor-top-section elementor-element elementor-element-1d1910e elementor-section-boxed elementor-section-height-default elementor-section-height-default\" data-id=\"1d1910e\" data-element_type=\"section\" data-e-type=\"section\">\n\t\t\t\t\t\t<div class=\"elementor-container elementor-column-gap-default\">\n\t\t\t\t\t<div class=\"elementor-column elementor-col-100 elementor-top-column elementor-element elementor-element-8136e91\" data-id=\"8136e91\" data-element_type=\"column\" data-e-type=\"column\">\n\t\t\t<div class=\"elementor-widget-wrap elementor-element-populated\">\n\t\t\t\t\t\t<div class=\"elementor-element elementor-element-00edf26 elementor-widget elementor-widget-image\" data-id=\"00edf26\" data-element_type=\"widget\" data-e-type=\"widget\" data-widget_type=\"image.default\">\n\t\t\t\t<div class=\"elementor-widget-container\">\n\t\t\t\t\t\t\t\t\t\t\t\t\t\t\t\t<a href=\"https:\/\/www.laphotodanslecadre.fr\/wordpress\/wp-content\/uploads\/2025\/05\/Flyer-Expos-06-25-1.png\" data-elementor-open-lightbox=\"yes\" data-elementor-lightbox-title=\"Flyer Expos 06 25 1\" data-e-action-hash=\"#elementor-action%3Aaction%3Dlightbox%26settings%3DeyJpZCI6MjAzMSwidXJsIjoiaHR0cHM6XC9cL3d3dy5sYXBob3RvZGFuc2xlY2FkcmUuZnJcL3dvcmRwcmVzc1wvd3AtY29udGVudFwvdXBsb2Fkc1wvMjAyNVwvMDVcL0ZseWVyLUV4cG9zLTA2LTI1LTEucG5nIn0%3D\">\n\t\t\t\t\t\t\t<img decoding=\"async\" width=\"1388\" height=\"980\" src=\"https:\/\/www.laphotodanslecadre.fr\/wordpress\/wp-content\/uploads\/2025\/05\/Flyer-Expos-06-25-1.png\" class=\"attachment-full size-full wp-image-2031\" alt=\"\" srcset=\"https:\/\/www.laphotodanslecadre.fr\/wordpress\/wp-content\/uploads\/2025\/05\/Flyer-Expos-06-25-1.png 1388w, https:\/\/www.laphotodanslecadre.fr\/wordpress\/wp-content\/uploads\/2025\/05\/Flyer-Expos-06-25-1-300x212.png 300w, https:\/\/www.laphotodanslecadre.fr\/wordpress\/wp-content\/uploads\/2025\/05\/Flyer-Expos-06-25-1-1024x723.png 1024w, https:\/\/www.laphotodanslecadre.fr\/wordpress\/wp-content\/uploads\/2025\/05\/Flyer-Expos-06-25-1-768x542.png 768w\" sizes=\"(max-width: 1388px) 100vw, 1388px\" \/>\t\t\t\t\t\t\t\t<\/a>\n\t\t\t\t\t\t\t\t\t\t\t\t\t\t\t<\/div>\n\t\t\t\t<\/div>\n\t\t\t\t\t<\/div>\n\t\t<\/div>\n\t\t\t\t\t<\/div>\n\t\t<\/section>\n\t\t\t\t<\/div>\n\t\t","protected":false},"excerpt":{"rendered":"<p>L\u2019\u00e9t\u00e9 de Pernes les photos se d\u00e9roulera cette ann\u00e9e le temps d\u2019un week-end les 28 et 29 juin de 10h \u00e0 19h. En raison de travaux sur la place du Cormoran, nous ne pourrons malheureusement pas exposer \u00e0 la galerie de l\u2019abattoir cette ann\u00e9e encore. Par contre, la grande exposition sous la halle couverte se &hellip; <a href=\"https:\/\/www.laphotodanslecadre.fr\/wordpress\/lete-de-pernes-les-photos-2025\/\" class=\"more-link\">Continuer la lecture de <span class=\"screen-reader-text\">L&rsquo;\u00e9t\u00e9 de Pernes les photos 2025<\/span>  <span class=\"meta-nav\">&rarr;<\/span><\/a><\/p>\n","protected":false},"author":1,"featured_media":2030,"comment_status":"closed","ping_status":"open","sticky":false,"template":"","format":"standard","meta":{"ngg_post_thumbnail":0,"footnotes":""},"categories":[42,31],"tags":[],"class_list":["post-2019","post","type-post","status-publish","format-standard","has-post-thumbnail","hentry","category-42","category-expos"],"_links":{"self":[{"href":"https:\/\/www.laphotodanslecadre.fr\/wordpress\/wp-json\/wp\/v2\/posts\/2019","targetHints":{"allow":["GET"]}}],"collection":[{"href":"https:\/\/www.laphotodanslecadre.fr\/wordpress\/wp-json\/wp\/v2\/posts"}],"about":[{"href":"https:\/\/www.laphotodanslecadre.fr\/wordpress\/wp-json\/wp\/v2\/types\/post"}],"author":[{"embeddable":true,"href":"https:\/\/www.laphotodanslecadre.fr\/wordpress\/wp-json\/wp\/v2\/users\/1"}],"replies":[{"embeddable":true,"href":"https:\/\/www.laphotodanslecadre.fr\/wordpress\/wp-json\/wp\/v2\/comments?post=2019"}],"version-history":[{"count":25,"href":"https:\/\/www.laphotodanslecadre.fr\/wordpress\/wp-json\/wp\/v2\/posts\/2019\/revisions"}],"predecessor-version":[{"id":2052,"href":"https:\/\/www.laphotodanslecadre.fr\/wordpress\/wp-json\/wp\/v2\/posts\/2019\/revisions\/2052"}],"wp:featuredmedia":[{"embeddable":true,"href":"https:\/\/www.laphotodanslecadre.fr\/wordpress\/wp-json\/wp\/v2\/media\/2030"}],"wp:attachment":[{"href":"https:\/\/www.laphotodanslecadre.fr\/wordpress\/wp-json\/wp\/v2\/media?parent=2019"}],"wp:term":[{"taxonomy":"category","embeddable":true,"href":"https:\/\/www.laphotodanslecadre.fr\/wordpress\/wp-json\/wp\/v2\/categories?post=2019"},{"taxonomy":"post_tag","embeddable":true,"href":"https:\/\/www.laphotodanslecadre.fr\/wordpress\/wp-json\/wp\/v2\/tags?post=2019"}],"curies":[{"name":"wp","href":"https:\/\/api.w.org\/{rel}","templated":true}]}}