{"id":1412,"date":"2019-10-15T15:44:04","date_gmt":"2019-10-15T15:44:04","guid":{"rendered":"http:\/\/www.laphotodanslecadre.fr\/wordpress\/?p=1412"},"modified":"2019-10-15T15:44:04","modified_gmt":"2019-10-15T15:44:04","slug":"expo-photos-automne-2019","status":"publish","type":"post","link":"https:\/\/www.laphotodanslecadre.fr\/wordpress\/expo-photos-automne-2019\/","title":{"rendered":"Expo Photos automne 2019"},"content":{"rendered":"\n<p>Retrouvez nous \u00e0 Pernes les Fontaines le WE du 26 au 27 octobre de 10h \u00e0 18h. Entr\u00e9e libre. <\/p>\n\n\n\n<figure class=\"wp-block-image\"><img fetchpriority=\"high\" decoding=\"async\" width=\"709\" height=\"1024\" src=\"http:\/\/www.laphotodanslecadre.fr\/wordpress\/wp-content\/uploads\/2019\/10\/Affiche-penitents-2019-709x1024.jpg\" alt=\"\" class=\"wp-image-1411\" srcset=\"https:\/\/www.laphotodanslecadre.fr\/wordpress\/wp-content\/uploads\/2019\/10\/Affiche-penitents-2019-709x1024.jpg 709w, https:\/\/www.laphotodanslecadre.fr\/wordpress\/wp-content\/uploads\/2019\/10\/Affiche-penitents-2019-208x300.jpg 208w, https:\/\/www.laphotodanslecadre.fr\/wordpress\/wp-content\/uploads\/2019\/10\/Affiche-penitents-2019-768x1109.jpg 768w, https:\/\/www.laphotodanslecadre.fr\/wordpress\/wp-content\/uploads\/2019\/10\/Affiche-penitents-2019.jpg 1636w\" sizes=\"(max-width: 709px) 100vw, 709px\" \/><\/figure>\n","protected":false},"excerpt":{"rendered":"<p>Retrouvez nous \u00e0 Pernes les Fontaines le WE du 26 au 27 octobre de 10h \u00e0 18h. Entr\u00e9e libre.<\/p>\n","protected":false},"author":1,"featured_media":0,"comment_status":"closed","ping_status":"open","sticky":false,"template":"","format":"standard","meta":{"ngg_post_thumbnail":0,"footnotes":""},"categories":[34,31],"tags":[],"class_list":["post-1412","post","type-post","status-publish","format-standard","hentry","category-34","category-expos"],"_links":{"self":[{"href":"https:\/\/www.laphotodanslecadre.fr\/wordpress\/wp-json\/wp\/v2\/posts\/1412","targetHints":{"allow":["GET"]}}],"collection":[{"href":"https:\/\/www.laphotodanslecadre.fr\/wordpress\/wp-json\/wp\/v2\/posts"}],"about":[{"href":"https:\/\/www.laphotodanslecadre.fr\/wordpress\/wp-json\/wp\/v2\/types\/post"}],"author":[{"embeddable":true,"href":"https:\/\/www.laphotodanslecadre.fr\/wordpress\/wp-json\/wp\/v2\/users\/1"}],"replies":[{"embeddable":true,"href":"https:\/\/www.laphotodanslecadre.fr\/wordpress\/wp-json\/wp\/v2\/comments?post=1412"}],"version-history":[{"count":1,"href":"https:\/\/www.laphotodanslecadre.fr\/wordpress\/wp-json\/wp\/v2\/posts\/1412\/revisions"}],"predecessor-version":[{"id":1413,"href":"https:\/\/www.laphotodanslecadre.fr\/wordpress\/wp-json\/wp\/v2\/posts\/1412\/revisions\/1413"}],"wp:attachment":[{"href":"https:\/\/www.laphotodanslecadre.fr\/wordpress\/wp-json\/wp\/v2\/media?parent=1412"}],"wp:term":[{"taxonomy":"category","embeddable":true,"href":"https:\/\/www.laphotodanslecadre.fr\/wordpress\/wp-json\/wp\/v2\/categories?post=1412"},{"taxonomy":"post_tag","embeddable":true,"href":"https:\/\/www.laphotodanslecadre.fr\/wordpress\/wp-json\/wp\/v2\/tags?post=1412"}],"curies":[{"name":"wp","href":"https:\/\/api.w.org\/{rel}","templated":true}]}}